{"id":122,"date":"2024-11-04T01:18:54","date_gmt":"2024-11-04T04:18:54","guid":{"rendered":"https:\/\/famolab.com.br\/?p=122"},"modified":"2025-08-08T12:57:45","modified_gmt":"2025-08-08T15:57:45","slug":"armario-altos-e-suspensos","status":"publish","type":"post","link":"https:\/\/famolab.com.br\/en\/moveis-para-laboratorio\/armario-altos-e-suspensos\/","title":{"rendered":"Arm\u00e1rios Altos e Suspensos"},"content":{"rendered":"<p>Dispon\u00edveis em vers\u00f5es de piso ou fixados em parede, oferecem m\u00e1xima efici\u00eancia no aproveitamento vertical do espa\u00e7o.<\/p>\r\n\r\n\r\n\r\n<p>Fabricados sob medida com materiais t\u00e9cnicos e acabamento de alto padr\u00e3o, os arm\u00e1rios contam com 5 anos de garantia e s\u00e3o entregues e instalados em todo o Brasil.<br \/><br \/><\/p>\r\n\r\n\r\n\r\n<h2>Modelos dispon\u00edveis<\/h2>\r\n\r\n\r\n\r\n<ul class=\"wp-block-list\">\r\n<li>Arm\u00e1rio alto de piso<\/li>\r\n\r\n\r\n\r\n<li>Arm\u00e1rio suspenso para fixa\u00e7\u00e3o em parede<\/li>\r\n\r\n\r\n\r\n<li>Arm\u00e1rio com portas de abrir ou correr<\/li>\r\n\r\n\r\n\r\n<li>Arm\u00e1rio com prateleiras fixas ou remov\u00edveis<\/li>\r\n\r\n\r\n\r\n<li>Arm\u00e1rio com portas com visor em vidro ou acr\u00edlico<br \/><br \/><\/li>\r\n<\/ul>\r\n\r\n\r\n\r\n<h2>Materiais e acabamentos<\/h2>\r\n\r\n\r\n\r\n<p><strong>Estrutura:<\/strong><\/p>\r\n\r\n\r\n\r\n<ul class=\"wp-block-list\">\r\n<li>Compensado Naval, MDF, MDF Hidr\u00f3fugo, MDF Ultra ou A\u00e7o Inoxid\u00e1vel<\/li>\r\n\r\n\r\n\r\n<li>Revestimento externo: laminado melam\u00ednico texturizado (HD)<\/li>\r\n\r\n\r\n\r\n<li>Revestimento interno: f\u00f3rmica branca brilhante<\/li>\r\n\r\n\r\n\r\n<li>Espessuras dispon\u00edveis: 6mm, 15mm, 18mm e 25mm<\/li>\r\n<\/ul>\r\n\r\n\r\n\r\n<p><strong>Fechamento e ferragens:<\/strong><\/p>\r\n\r\n\r\n\r\n<ul class=\"wp-block-list\">\r\n<li>Puxadores tipo al\u00e7a, cava ou barra de alum\u00ednio anodizado<\/li>\r\n\r\n\r\n\r\n<li>Corredi\u00e7as met\u00e1licas com pintura ep\u00f3xi ou a\u00e7o inox (telesc\u00f3picas, com abertura total)<\/li>\r\n\r\n\r\n\r\n<li>Dobradi\u00e7as met\u00e1licas refor\u00e7adas (com ou sem amortecedor)<\/li>\r\n\r\n\r\n\r\n<li>Trilhos em alum\u00ednio anodizado para portas de correr<\/li>\r\n\r\n\r\n\r\n<li>Portas dispon\u00edveis tamb\u00e9m com visor em vidro ou acr\u00edlico<\/li>\r\n\r\n\r\n\r\n<li>Fechadura com 2 chaves (opcional)<br \/><br \/><\/li>\r\n<\/ul>\r\n\r\n\r\n\r\n<h2>Caracter\u00edsticas t\u00e9cnicas padr\u00e3o<\/h2>\r\n\r\n\r\n\r\n<ul class=\"wp-block-list\">\r\n<li>Fundo remov\u00edvel para facilitar manuten\u00e7\u00f5es<\/li>\r\n\r\n\r\n\r\n<li>Prateleiras internas fixas ou remov\u00edveis<\/li>\r\n\r\n\r\n\r\n<li>M\u00f3dulos com gavetas, portas e v\u00e3os abertos<\/li>\r\n\r\n\r\n\r\n<li>Capacidade de carga: a partir de 100 kg\/m\u00b2 (varia conforme o material)<\/li>\r\n\r\n\r\n\r\n<li>Estrutura compat\u00edvel com exaustores e insufladores (quando aplic\u00e1vel)<\/li>\r\n\r\n\r\n\r\n<li>Fechamento traseiro remov\u00edvel nos m\u00f3dulos inferiores<br \/><br \/><\/li>\r\n<\/ul>\r\n\r\n\r\n\r\n<h2>Opcionais e personaliza\u00e7\u00f5es<\/h2>\r\n\r\n\r\n\r\n<ul class=\"wp-block-list\">\r\n<li>Fechaduras com chave<\/li>\r\n\r\n\r\n\r\n<li>Portas com visor (vidro ou acr\u00edlico)<\/li>\r\n\r\n\r\n\r\n<li>Exaustor e insuflador<\/li>\r\n\r\n\r\n\r\n<li>Personaliza\u00e7\u00e3o de cores em portas e frentes de gaveta<br \/><br \/><\/li>\r\n<\/ul>\r\n\r\n\r\n\r\n<h2>Importante<\/h2>\r\n\r\n\r\n\r\n<p>Todas as solu\u00e7\u00f5es de arm\u00e1rios altos e suspensos s\u00e3o desenvolvidas sob medida conforme o projeto, layout e rotina de cada laborat\u00f3rio. A Famolab acompanha todas as etapas \u2014 da especifica\u00e7\u00e3o t\u00e9cnica \u00e0 instala\u00e7\u00e3o \u2014 garantindo desempenho funcional, durabilidade e integra\u00e7\u00e3o ao mobili\u00e1rio existente.<\/p>\r\n\r\n\r\n\r\n<p><strong>Famolab \u2014 Mobili\u00e1rio t\u00e9cnico sob medida para m\u00e1xima organiza\u00e7\u00e3o e robustez em laborat\u00f3rios profissionais.<\/strong><\/p>","protected":false},"excerpt":{"rendered":"<p>Arm\u00e1rios verticais e suspensos, maximizam armazenamento sem ocupa\u00e7\u00e3o de piso, ideais para reagentes, vidrarias e insumos.<\/p>","protected":false},"author":1,"featured_media":3494,"comment_status":"open","ping_status":"open","sticky":false,"template":"","format":"standard","meta":{"_acf_changed":false,"inline_featured_image":false,"footnotes":""},"categories":[7],"tags":[],"class_list":["post-122","post","type-post","status-publish","format-standard","has-post-thumbnail","hentry","category-moveis-para-laboratorio"],"acf":[],"_links":{"self":[{"href":"https:\/\/famolab.com.br\/en\/wp-json\/wp\/v2\/posts\/122","targetHints":{"allow":["GET"]}}],"collection":[{"href":"https:\/\/famolab.com.br\/en\/wp-json\/wp\/v2\/posts"}],"about":[{"href":"https:\/\/famolab.com.br\/en\/wp-json\/wp\/v2\/types\/post"}],"author":[{"embeddable":true,"href":"https:\/\/famolab.com.br\/en\/wp-json\/wp\/v2\/users\/1"}],"replies":[{"embeddable":true,"href":"https:\/\/famolab.com.br\/en\/wp-json\/wp\/v2\/comments?post=122"}],"version-history":[{"count":0,"href":"https:\/\/famolab.com.br\/en\/wp-json\/wp\/v2\/posts\/122\/revisions"}],"wp:featuredmedia":[{"embeddable":true,"href":"https:\/\/famolab.com.br\/en\/wp-json\/wp\/v2\/media\/3494"}],"wp:attachment":[{"href":"https:\/\/famolab.com.br\/en\/wp-json\/wp\/v2\/media?parent=122"}],"wp:term":[{"taxonomy":"category","embeddable":true,"href":"https:\/\/famolab.com.br\/en\/wp-json\/wp\/v2\/categories?post=122"},{"taxonomy":"post_tag","embeddable":true,"href":"https:\/\/famolab.com.br\/en\/wp-json\/wp\/v2\/tags?post=122"}],"curies":[{"name":"wp","href":"https:\/\/api.w.org\/{rel}","templated":true}]}}