{"id":128,"date":"2024-11-04T01:24:01","date_gmt":"2024-11-04T04:24:01","guid":{"rendered":"https:\/\/famolab.com.br\/?p=128"},"modified":"2025-08-08T06:23:37","modified_gmt":"2025-08-08T09:23:37","slug":"armario-para-reagentes","status":"publish","type":"post","link":"https:\/\/famolab.com.br\/en\/moveis-para-laboratorio\/armario-para-reagentes\/","title":{"rendered":"Arm\u00e1rio para Reagentes"},"content":{"rendered":"<p>Os arm\u00e1rios para reagentes da Famolab s\u00e3o projetados para armazenar com seguran\u00e7a produtos inflam\u00e1veis ou vol\u00e1teis em ambientes laboratoriais. Com constru\u00e7\u00e3o robusta e isolamento t\u00e9rmico em todo o contorno, oferecem prote\u00e7\u00e3o contra inc\u00eandios, conten\u00e7\u00e3o de vazamentos e ventila\u00e7\u00e3o adequada de vapores.<\/p>\r\n\r\n\r\n\r\n<p>Dispon\u00edveis nas vers\u00f5es de piso ou suspensas, s\u00e3o fabricados sob medida conforme a necessidade de cada projeto.<\/p>\r\n\r\n\r\n\r\n<p>Contam com estrutura refor\u00e7ada, fechamento antifaiscante e garantia de 5 anos. Entregamos e instalamos em todo o Brasil.<br \/><br \/><\/p>\r\n\r\n\r\n\r\n<h2>Modelos dispon\u00edveis<\/h2>\r\n\r\n\r\n\r\n<ul class=\"wp-block-list\">\r\n<li>Arm\u00e1rio para reagentes de piso<\/li>\r\n\r\n\r\n\r\n<li>Arm\u00e1rio para reagentes suspenso<\/li>\r\n\r\n\r\n\r\n<li>Arm\u00e1rio com 1 ou 2 portas de abrir<\/li>\r\n\r\n\r\n\r\n<li>Arm\u00e1rio com prateleiras remov\u00edveis<br \/><br \/><\/li>\r\n<\/ul>\r\n\r\n\r\n\r\n<h2>Materiais e acabamentos<\/h2>\r\n\r\n\r\n\r\n<p><strong>Estrutura:<\/strong><\/p>\r\n\r\n\r\n\r\n<ul class=\"wp-block-list\">\r\n<li>A\u00e7o carbono ou a\u00e7o inoxid\u00e1vel<\/li>\r\n\r\n\r\n\r\n<li>Revestimento com isolante t\u00e9rmico resistente a altas temperaturas em todo o contorno interno<\/li>\r\n<\/ul>\r\n\r\n\r\n\r\n<p><strong>Prateleiras:<\/strong><\/p>\r\n\r\n\r\n\r\n<ul class=\"wp-block-list\">\r\n<li>Internas, remov\u00edveis e com quantidade vari\u00e1vel conforme o tamanho do arm\u00e1rio<\/li>\r\n\r\n\r\n\r\n<li>Piso com prateleira fixa de 50 mm atuando como dique de conten\u00e7\u00e3o<\/li>\r\n<\/ul>\r\n\r\n\r\n\r\n<p><strong>Fechamento e seguran\u00e7a:<\/strong><\/p>\r\n\r\n\r\n\r\n<ul class=\"wp-block-list\">\r\n<li>Portas com trinco cremona embutido antifaiscante<\/li>\r\n\r\n\r\n\r\n<li>Abertura superior e inferior com duplo sistema corta-chama (respiro para gases leves e pesados)<\/li>\r\n\r\n\r\n\r\n<li>Duas chaves por arm\u00e1rio<\/li>\r\n<\/ul>\r\n\r\n\r\n\r\n<p><strong>Base inferior:<\/strong><\/p>\r\n\r\n\r\n\r\n<ul class=\"wp-block-list\">\r\n<li>Refor\u00e7ada para suportar cargas e conter vazamentos<br \/><br \/><\/li>\r\n<\/ul>\r\n\r\n\r\n\r\n<h2>Caracter\u00edsticas t\u00e9cnicas padr\u00e3o<\/h2>\r\n\r\n\r\n\r\n<ul class=\"wp-block-list\">\r\n<li>Constru\u00e7\u00e3o em a\u00e7o com isolamento t\u00e9rmico integral<\/li>\r\n\r\n\r\n\r\n<li>Sistema de ventila\u00e7\u00e3o passiva com prote\u00e7\u00e3o corta-chama<\/li>\r\n\r\n\r\n\r\n<li>Dique de conten\u00e7\u00e3o incorporado ao piso<\/li>\r\n\r\n\r\n\r\n<li>Trinco antifaiscante com chave<\/li>\r\n\r\n\r\n\r\n<li>Prateleiras internas remov\u00edveis<\/li>\r\n\r\n\r\n\r\n<li>Capacidade e quantidade de portas\/prateleiras definidas conforme dimens\u00f5es do projeto<br \/><br \/><\/li>\r\n<\/ul>\r\n\r\n\r\n\r\n<h2>Opcionais e personaliza\u00e7\u00f5es<\/h2>\r\n\r\n\r\n\r\n<ul class=\"wp-block-list\">\r\n<li>Exaustor<\/li>\r\n\r\n\r\n\r\n<li>Insuflador<br \/><br \/><\/li>\r\n<\/ul>\r\n\r\n\r\n\r\n<h2>Importante<\/h2>\r\n\r\n\r\n\r\n<p>Todos os arm\u00e1rios para reagentes s\u00e3o desenvolvidos sob medida com defini\u00e7\u00e3o de dimens\u00f5es, materiais, acabamento, ventila\u00e7\u00e3o e acess\u00f3rios conforme a planta do laborat\u00f3rio e as exig\u00eancias normativas aplic\u00e1veis. Projeto com acompanhamento t\u00e9cnico completo \u2014 da especifica\u00e7\u00e3o \u00e0 instala\u00e7\u00e3o.<\/p>\r\n\r\n\r\n\r\n<p><strong>Famolab \u2014 <\/strong>Seguran\u00e7a t\u00e9cnica e robustez no armazenamento de reagentes e subst\u00e2ncias inflam\u00e1veis.<\/p>\r\n\r\n\r\n\r\n<p>&nbsp;<\/p>\r\n\r\n\r\n\r\n<p>&nbsp;<\/p>","protected":false},"excerpt":{"rendered":"<p>Armazenamento seguro de subst\u00e2ncias qu\u00edmicas, com ventila\u00e7\u00e3o e materiais resistentes, ideal para organiza\u00e7\u00e3o e prote\u00e7\u00e3o em laborat\u00f3rios.<\/p>","protected":false},"author":1,"featured_media":3493,"comment_status":"open","ping_status":"open","sticky":false,"template":"","format":"standard","meta":{"_acf_changed":false,"inline_featured_image":false,"footnotes":""},"categories":[7],"tags":[],"class_list":["post-128","post","type-post","status-publish","format-standard","has-post-thumbnail","hentry","category-moveis-para-laboratorio"],"acf":[],"_links":{"self":[{"href":"https:\/\/famolab.com.br\/en\/wp-json\/wp\/v2\/posts\/128","targetHints":{"allow":["GET"]}}],"collection":[{"href":"https:\/\/famolab.com.br\/en\/wp-json\/wp\/v2\/posts"}],"about":[{"href":"https:\/\/famolab.com.br\/en\/wp-json\/wp\/v2\/types\/post"}],"author":[{"embeddable":true,"href":"https:\/\/famolab.com.br\/en\/wp-json\/wp\/v2\/users\/1"}],"replies":[{"embeddable":true,"href":"https:\/\/famolab.com.br\/en\/wp-json\/wp\/v2\/comments?post=128"}],"version-history":[{"count":0,"href":"https:\/\/famolab.com.br\/en\/wp-json\/wp\/v2\/posts\/128\/revisions"}],"wp:featuredmedia":[{"embeddable":true,"href":"https:\/\/famolab.com.br\/en\/wp-json\/wp\/v2\/media\/3493"}],"wp:attachment":[{"href":"https:\/\/famolab.com.br\/en\/wp-json\/wp\/v2\/media?parent=128"}],"wp:term":[{"taxonomy":"category","embeddable":true,"href":"https:\/\/famolab.com.br\/en\/wp-json\/wp\/v2\/categories?post=128"},{"taxonomy":"post_tag","embeddable":true,"href":"https:\/\/famolab.com.br\/en\/wp-json\/wp\/v2\/tags?post=128"}],"curies":[{"name":"wp","href":"https:\/\/api.w.org\/{rel}","templated":true}]}}