{"id":1900,"date":"2025-07-21T01:30:02","date_gmt":"2025-07-21T04:30:02","guid":{"rendered":"https:\/\/famolab.com.br\/?p=1900"},"modified":"2025-08-13T23:49:13","modified_gmt":"2025-08-14T02:49:13","slug":"acessorios-para-laboratorios","status":"publish","type":"post","link":"https:\/\/famolab.com.br\/en\/capelas-de-exaustao-e-equipamentos-para-laboratorio\/acessorios-para-laboratorios\/","title":{"rendered":"Acess\u00f3rios para Laborat\u00f3rios"},"content":{"rendered":"<p><span style=\"font-weight: 400;\">Na Famolab, fornecemos uma linha completa de acess\u00f3rios t\u00e9cnicos para complementar a funcionalidade, seguran\u00e7a e desempenho dos ambientes laboratoriais. Trabalhamos com insumos industriais de alto padr\u00e3o, compat\u00edveis com nossos m\u00f3veis e equipamentos, com op\u00e7\u00f5es customiz\u00e1veis para atender normas espec\u00edficas e necessidades operacionais.<\/span><\/p>\r\n<p><span style=\"font-weight: 400;\">Todos os acess\u00f3rios podem ser adquiridos individualmente ou integrados ao projeto de mobili\u00e1rio t\u00e9cnico sob medida.<\/span><\/p>\r\n<h2><b>Acess\u00f3rios dispon\u00edveis<\/b><\/h2>\r\n<p><b>Cubas T\u00e9cnicas Industriais<\/b><\/p>\r\n<p><span style=\"font-weight: 400;\">Cubas em a\u00e7o inox AISI 304, acabamento polido, com instala\u00e7\u00e3o embutida ou sobreposta. Ideais para \u00e1reas molhadas e manipula\u00e7\u00e3o segura de res\u00edduos e subst\u00e2ncias l\u00edquidas.<\/span><\/p>\r\n<ul>\r\n<li style=\"font-weight: 400;\" aria-level=\"1\"><span style=\"font-weight: 400;\">Profundidade: 300 mm<\/span><\/li>\r\n<li style=\"font-weight: 400;\" aria-level=\"1\"><span style=\"font-weight: 400;\">Espessura: 0,8 mm<\/span><\/li>\r\n<li style=\"font-weight: 400;\" aria-level=\"1\"><span style=\"font-weight: 400;\">Fura\u00e7\u00e3o padr\u00e3o: \u00d8 3 \u00bd\u201d \/ opcional: \u00d8 4 \u00bd\u201d<\/span><\/li>\r\n<li style=\"font-weight: 400;\" aria-level=\"1\"><span style=\"font-weight: 400;\">Garantia: 5 anos<\/span><\/li>\r\n<\/ul>\r\n<h2><b>Tomadas Pedestal<\/b><\/h2>\r\n<p><span style=\"font-weight: 400;\">Solu\u00e7\u00f5es de alimenta\u00e7\u00e3o el\u00e9trica e l\u00f3gica para bancadas centrais e ilhas t\u00e9cnicas. Modelos com face \u00fanica ou dupla, em ABS antichama, com configura\u00e7\u00e3o personalizada de m\u00f3dulos:<\/span><\/p>\r\n<ul>\r\n<li style=\"font-weight: 400;\" aria-level=\"1\"><span style=\"font-weight: 400;\">Tomadas 110V ou 220V (10A\/20A)<\/span><\/li>\r\n<li style=\"font-weight: 400;\" aria-level=\"1\"><span style=\"font-weight: 400;\">M\u00f3dulos de rede RJ45 (CAT.5E ou CAT.6)<\/span><\/li>\r\n<li style=\"font-weight: 400;\" aria-level=\"1\"><span style=\"font-weight: 400;\">Compat\u00edveis com at\u00e9 6 m\u00f3dulos por face<\/span><\/li>\r\n<\/ul>\r\n<h2><b>Torneiras, V\u00e1lvulas e Nucas T\u00e9cnicas<\/b><\/h2>\r\n<p><span style=\"font-weight: 400;\">Componentes para condu\u00e7\u00e3o e controle de \u00e1gua e gases. Fabricados em lat\u00e3o com pintura ep\u00f3xi branca (RAL 9003) e veda\u00e7\u00e3o em Teflon ou cer\u00e2mica.<\/span><\/p>\r\n<ul>\r\n<li style=\"font-weight: 400;\" aria-level=\"1\"><span style=\"font-weight: 400;\">V\u00e1lvulas tipo agulha e \u00bc de volta<\/span><\/li>\r\n<li style=\"font-weight: 400;\" aria-level=\"1\"><span style=\"font-weight: 400;\">Press\u00e3o de trabalho: at\u00e9 10 bar (\u00e1gua) \/ at\u00e9 2 bar (gases)<\/span><\/li>\r\n<li style=\"font-weight: 400;\" aria-level=\"1\"><span style=\"font-weight: 400;\">Conex\u00f5es compat\u00edveis com normas DIN<\/span><\/li>\r\n<\/ul>\r\n<h2><b>Arm\u00e1rios Corta-Fogo Especiais<\/b><\/h2>\r\n<p><span style=\"font-weight: 400;\">M\u00f3dulos t\u00e9cnicos para armazenamento seguro de inflam\u00e1veis, corrosivos, pesticidas e reagentes, conforme as normas NFPA, OSHA, NBR 17505 e NR 20.<\/span><\/p>\r\n<ul>\r\n<li style=\"font-weight: 400;\" aria-level=\"1\"><span style=\"font-weight: 400;\">Resist\u00eancia t\u00e9rmica: at\u00e9 900\u202f\u00b0C por 1 hora (testado IPT)<\/span><\/li>\r\n<li style=\"font-weight: 400;\" aria-level=\"1\"><span style=\"font-weight: 400;\">Constru\u00e7\u00e3o em a\u00e7o carbono com isolamento t\u00e9rmico<\/span><\/li>\r\n<li style=\"font-weight: 400;\" aria-level=\"1\"><span style=\"font-weight: 400;\">Diversas cores padr\u00e3o: vermelho, amarelo, azul e verde<\/span><\/li>\r\n<li style=\"font-weight: 400;\" aria-level=\"1\"><span style=\"font-weight: 400;\">Capacidade: at\u00e9 80 kg por prateleira<\/span><\/li>\r\n<li style=\"font-weight: 400;\" aria-level=\"1\"><span style=\"font-weight: 400;\">P\u00e9s niveladores, prateleiras m\u00f3veis e sinaliza\u00e7\u00e3o de seguran\u00e7a<\/span><\/li>\r\n<\/ul>\r\n<p>&nbsp;<\/p>\r\n<h2><b>Aplica\u00e7\u00f5es e compatibilidade<\/b><\/h2>\r\n<p><span style=\"font-weight: 400;\">Todos os acess\u00f3rios oferecidos pela Famolab s\u00e3o compat\u00edveis com os m\u00f3veis e equipamentos fornecidos pela empresa, sendo integrados j\u00e1 na fase de projeto ou instalados sob demanda.<\/span><\/p>\r\n<p><span style=\"font-weight: 400;\">Solu\u00e7\u00f5es ideais para:<\/span><\/p>\r\n<ul>\r\n<li style=\"font-weight: 400;\" aria-level=\"1\"><span style=\"font-weight: 400;\">Laborat\u00f3rios qu\u00edmicos e f\u00edsico-qu\u00edmicos<\/span><\/li>\r\n<li style=\"font-weight: 400;\" aria-level=\"1\"><span style=\"font-weight: 400;\">Ambientes educacionais e P&amp;D<\/span><\/li>\r\n<li style=\"font-weight: 400;\" aria-level=\"1\"><span style=\"font-weight: 400;\">Controle de qualidade e processos industriais<\/span><\/li>\r\n<li style=\"font-weight: 400;\" aria-level=\"1\"><span style=\"font-weight: 400;\">\u00c1reas t\u00e9cnicas com exig\u00eancia normativa<\/span><\/li>\r\n<\/ul>\r\n<h2><b>Importante<\/b><\/h2>\r\n<p><span style=\"font-weight: 400;\">A sele\u00e7\u00e3o de acess\u00f3rios \u00e9 feita conforme o projeto, respeitando a compatibilidade t\u00e9cnica com os m\u00f3veis, a rotina do laborat\u00f3rio e as exig\u00eancias normativas. Itens adicionais, medidas especiais e cores customizadas est\u00e3o dispon\u00edveis sob consulta t\u00e9cnica.<\/span><\/p>\r\n<p><b>Famolab \u2014 Acess\u00f3rios t\u00e9cnicos de alto desempenho para ambientes laboratoriais completos.<\/b><\/p>\r\n\r\n\r\n\r\n<p>&nbsp;<\/p>","protected":false},"excerpt":{"rendered":"<p>Linha complementar de itens (suportes, prateleiras, ilhas, gavetas) para modularidade e organiza\u00e7\u00e3o de \u00e1reas laboratoriais. <\/p>","protected":false},"author":1,"featured_media":3491,"comment_status":"open","ping_status":"open","sticky":false,"template":"","format":"standard","meta":{"_acf_changed":false,"inline_featured_image":false,"footnotes":""},"categories":[6],"tags":[],"class_list":["post-1900","post","type-post","status-publish","format-standard","has-post-thumbnail","hentry","category-capelas-de-exaustao-e-equipamentos-para-laboratorio"],"acf":[],"_links":{"self":[{"href":"https:\/\/famolab.com.br\/en\/wp-json\/wp\/v2\/posts\/1900","targetHints":{"allow":["GET"]}}],"collection":[{"href":"https:\/\/famolab.com.br\/en\/wp-json\/wp\/v2\/posts"}],"about":[{"href":"https:\/\/famolab.com.br\/en\/wp-json\/wp\/v2\/types\/post"}],"author":[{"embeddable":true,"href":"https:\/\/famolab.com.br\/en\/wp-json\/wp\/v2\/users\/1"}],"replies":[{"embeddable":true,"href":"https:\/\/famolab.com.br\/en\/wp-json\/wp\/v2\/comments?post=1900"}],"version-history":[{"count":0,"href":"https:\/\/famolab.com.br\/en\/wp-json\/wp\/v2\/posts\/1900\/revisions"}],"wp:featuredmedia":[{"embeddable":true,"href":"https:\/\/famolab.com.br\/en\/wp-json\/wp\/v2\/media\/3491"}],"wp:attachment":[{"href":"https:\/\/famolab.com.br\/en\/wp-json\/wp\/v2\/media?parent=1900"}],"wp:term":[{"taxonomy":"category","embeddable":true,"href":"https:\/\/famolab.com.br\/en\/wp-json\/wp\/v2\/categories?post=1900"},{"taxonomy":"post_tag","embeddable":true,"href":"https:\/\/famolab.com.br\/en\/wp-json\/wp\/v2\/tags?post=1900"}],"curies":[{"name":"wp","href":"https:\/\/api.w.org\/{rel}","templated":true}]}}